[{"@context":"https:\/\/schema.org\/","@type":"Article","@id":"https:\/\/www.uniny.cz\/vedeni-ucetnictvi\/#Article","mainEntityOfPage":"https:\/\/www.uniny.cz\/vedeni-ucetnictvi\/","headline":"Veden\u00ed \u00fa\u010detnictv\u00ed","name":"Veden\u00ed \u00fa\u010detnictv\u00ed","description":"Pokud m\u00e1te z\u00e1jem o kvalitn\u00ed veden\u00ed \u00fa\u010detnictv\u00ed, da\u0148ovou evidenci \u010di o \u0161pi\u010dkov\u00e9 poradenstv\u00ed, nav\u0161tivte pros\u00edm na\u0161\u00ed firmu. Na\u0161e spole\u010dnost Alfa \u00da\u010detn\u00ed byla zalo\u017eena v roce&#8230;<div class=\"more-link-wrapper\"><a class=\"more-link\" href=\"https:\/\/www.uniny.cz\/vedeni-ucetnictvi\/\">Pokra\u010dovat ve \u010dten\u00ed<span class=\"screen-reader-text\">Veden\u00ed \u00fa\u010detnictv\u00ed<\/span><\/a><\/div>","datePublished":"2025-03-28","dateModified":"2025-03-28","author":{"@type":"Person","@id":"https:\/\/www.uniny.cz\/author\/#Person","name":"uniny.cz\n","url":"https:\/\/www.uniny.cz\/author\/","identifier":1,"image":{"@type":"ImageObject","@id":"https:\/\/secure.gravatar.com\/avatar\/48db5b3634ed7a3f1f89bca90f0a2521b0bb3970d57e3653d258d10b0f31fdf3?s=96&d=mm&r=g","url":"https:\/\/secure.gravatar.com\/avatar\/48db5b3634ed7a3f1f89bca90f0a2521b0bb3970d57e3653d258d10b0f31fdf3?s=96&d=mm&r=g","height":96,"width":96}},"publisher":{"@type":"Organization","name":"uniny.cz","logo":{"@type":"ImageObject","@id":"\/logo.png","url":"\/logo.png","width":600,"height":60}},"url":"https:\/\/www.uniny.cz\/vedeni-ucetnictvi\/","wordCount":153,"articleBody":"Pokud m\u00e1te z\u00e1jem o kvalitn\u00ed veden\u00ed \u00fa\u010detnictv\u00ed, da\u0148ovou evidenci \u010di o \u0161pi\u010dkov\u00e9 poradenstv\u00ed, nav\u0161tivte pros\u00edm na\u0161\u00ed firmu. Na\u0161e spole\u010dnost Alfa \u00da\u010detn\u00ed byla zalo\u017eena v roce 1995. za tu dobu jsme se vypracovali, a dnes pat\u0159\u00edme k nejlep\u0161\u00edm poskytovatel\u016fm slu\u017eeb z oblasti \u00fa\u010detnictv\u00ed a dan\u00ed v na\u0161em regionu.Pro veden\u00ed \u00fa\u010detnictv\u00ed m\u00e1me ty nejlep\u0161\u00ed vlohy. V\u0161ichni na\u0161i pracovn\u00edci jsou vysoce vy\u0161kolen\u00ed profesion\u00e1lov\u00e9. P\u0159\u00edprava mezd, veden\u00ed \u00fa\u010detnictv\u00ed \u010di veden\u00ed agendy personalistiky je u n\u00e1s v t\u011bch nejlep\u0161\u00edch ruk\u00e1ch. M\u016f\u017eeme V\u00e1m tak\u00e9 p\u0159ipravit vy\u00fa\u010dtov\u00e1n\u00ed dan\u00ed z p\u0159\u00edjmu. To plat\u00ed jak pro osoby fyzick\u00e9, tak i pro osoby pr\u00e1vn\u00ed.N\u00edzk\u00e9 cenyNab\u00edz\u00edme ty nejni\u017e\u0161\u00ed ceny na trhu. V Praze a jej\u00edm okol\u00ed jsme zaru\u010den\u011b kancel\u00e1\u0159 s nejni\u017e\u0161\u00edmi cenami.                                                                                                                                                                                                                                                                                                                                                                                        4\/5 - (1 vote)        "},{"@context":"https:\/\/schema.org\/","@type":"BreadcrumbList","itemListElement":[{"@type":"ListItem","position":1,"name":"Veden\u00ed \u00fa\u010detnictv\u00ed","item":"https:\/\/www.uniny.cz\/vedeni-ucetnictvi\/#breadcrumbitem"}]}]