[{"@context":"https:\/\/schema.org\/","@type":"Article","@id":"https:\/\/www.uniny.cz\/satek-jako-odevni-doplnek\/#Article","mainEntityOfPage":"https:\/\/www.uniny.cz\/satek-jako-odevni-doplnek\/","headline":"\u0160\u00e1tek jako od\u011bvn\u00ed dopln\u011bk","name":"\u0160\u00e1tek jako od\u011bvn\u00ed dopln\u011bk","description":"N\u011bkter\u00e9 od\u011bvn\u00ed dopl\u0148ky jsou m\u00f3dn\u00ed st\u00e1lic\u00ed a nepodl\u00e9haj\u00ed v\u011btrn\u00e9 smr\u0161ti trend\u016f od\u011bvn\u00edho pr\u016fmyslu a n\u00e1vrh\u00e1\u0159sk\u00fdch studi\u00ed. Mezi n\u011b pat\u0159\u00ed nap\u0159\u00edklad klobouky a \u0161\u00e1tky. S\u00a0\u0161\u00e1tkem se&#8230;<div class=\"more-link-wrapper\"><a class=\"more-link\" href=\"https:\/\/www.uniny.cz\/satek-jako-odevni-doplnek\/\">Pokra\u010dovat ve \u010dten\u00ed<span class=\"screen-reader-text\">\u0160\u00e1tek jako od\u011bvn\u00ed dopln\u011bk<\/span><\/a><\/div>","datePublished":"2025-02-26","dateModified":"2023-04-29","author":{"@type":"Person","@id":"https:\/\/www.uniny.cz\/author\/#Person","name":"uniny.cz\n","url":"https:\/\/www.uniny.cz\/author\/","identifier":1,"image":{"@type":"ImageObject","@id":"https:\/\/secure.gravatar.com\/avatar\/48db5b3634ed7a3f1f89bca90f0a2521b0bb3970d57e3653d258d10b0f31fdf3?s=96&d=mm&r=g","url":"https:\/\/secure.gravatar.com\/avatar\/48db5b3634ed7a3f1f89bca90f0a2521b0bb3970d57e3653d258d10b0f31fdf3?s=96&d=mm&r=g","height":96,"width":96}},"publisher":{"@type":"Organization","name":"uniny.cz","logo":{"@type":"ImageObject","@id":"\/logo.png","url":"\/logo.png","width":600,"height":60}},"image":{"@type":"ImageObject","@id":"https:\/\/www.uniny.cz\/wp-content\/uploads\/img_a339100_w1985_t1552305963.jpg","url":"https:\/\/www.uniny.cz\/wp-content\/uploads\/img_a339100_w1985_t1552305963.jpg","height":0,"width":0},"url":"https:\/\/www.uniny.cz\/satek-jako-odevni-doplnek\/","about":["M\u00f3da"],"wordCount":470,"articleBody":"N\u011bkter\u00e9 od\u011bvn\u00ed dopl\u0148ky jsou m\u00f3dn\u00ed st\u00e1lic\u00ed a nepodl\u00e9haj\u00ed v\u011btrn\u00e9 smr\u0161ti trend\u016f od\u011bvn\u00edho pr\u016fmyslu a n\u00e1vrh\u00e1\u0159sk\u00fdch studi\u00ed. Mezi n\u011b pat\u0159\u00ed nap\u0159\u00edklad klobouky a \u0161\u00e1tky. S\u00a0\u0161\u00e1tkem se d\u00e1 p\u0159\u00edmo \u010darovat, jednoduch\u00fd pruh l\u00e1tky ve tvaru \u010dtverce lze vyu\u017e\u00edt velice rozmanit\u011b a co je hlavn\u00ed, slu\u0161\u00ed v\u0161em \u017een\u00e1m v\u00a0ka\u017ed\u00e9m v\u011bku.\tInspiraci nemus\u00edte hledat v\u00a0\u0161atn\u00edku sv\u00fdch babi\u010dek, kde se jist\u011b n\u011bjak\u00fd ten kv\u011btovan\u00fd kus l\u00e1tky najde, m\u016f\u017eete se poohl\u00e9dnout d\u00e1l, sm\u011brem na z\u00e1pad, do Francie. V\u00a0pr\u016fm\u011bru m\u00e1 ka\u017ed\u00e1 z\u00a0nich ve sv\u00e9m \u0161atn\u00edku \u0161\u00e1tky alespo\u0148 \u010dty\u0159i, a to zpravidla z\u00a0velmi jemn\u00e9ho sat\u00e9nu \u010di hedv\u00e1b\u00ed. P\u016fsob\u00ed nesm\u00edrn\u011b elegantn\u00edm dojmem i tehdy, jdete-li po ulici v\u00a0oby\u010dejn\u00fdch rifl\u00edch. Nos\u00ed se i zapleten\u00fd mezi vlasovou pokr\u00fdvku, tedy nejen jako pokr\u00fdvka hlavy ve v\u011btrn\u00e9m po\u010das\u00ed.\tBarevn\u00e1 \u0161k\u00e1la\tTrh je z\u00e1soben tolika vzory a barevn\u00fdmi variacemi, \u017ee nen\u00ed zrovna snadn\u00e9 orientovat se v\u00a0nich a zvolit ten ide\u00e1ln\u00ed. Dnes na\u0161t\u011bst\u00ed pominula doba p\u0159eva\u017euj\u00edc\u00ed \u010dern\u00e9 a \u0161ed\u00e9, lid\u00e9 se za\u010d\u00ednaj\u00ed barv\u00e1m v\u00edce otev\u00edrat a to znamen\u00e1 do sv\u00e9ho \u0161atn\u00edku vpustit i pastelov\u00e9 t\u00f3ny. V\u00fdhodou od\u011bvn\u00edch dopl\u0148k\u016f a \u0161\u00e1tk\u016f nevyj\u00edmaje, je p\u0159izp\u016fsobivost. Lze je kombinovat i s\u00a0tmav\u00fdmi kost\u00fdmy nebo svrchn\u00edky. Zav\u00e1zan\u00e9 kolem krku zd\u016frazn\u00ed tyto partie, dbejte na to, aby nebyly p\u0159\u00edli\u0161 t\u011bsn\u00e9, ale sp\u00ed\u0161e voln\u011bj\u0161\u00ed nebo jen le\u017e\u00e9rn\u00ed, lehce p\u0159ehozen\u00e9 kolem ramen. Plno\u0161t\u00edhl\u00e9 d\u00e1my jist\u011b ocen\u00ed mo\u017enost uv\u00e1zat uzel d\u00e9le od hlavy, \u010d\u00edm\u017e se opticky horn\u00ed \u010d\u00e1st postavy ze\u0161t\u00edhl\u00ed.\t\tKdy jej nosit\tV\u00a0podstat\u011b po cel\u00fd rok, snad jen s\u00a0v\u00fdjimkou parn\u00e9ho l\u00e9ta. Na ja\u0159e a na podzim to mohou b\u00fdt l\u00e1tky z\u00a0ka\u0161m\u00edru, v\u00a0teplej\u0161\u00edch dnech hedv\u00e1bn\u00e9, kter\u00e9 jsou sice cenov\u011b n\u00e1ro\u010dn\u011bj\u0161\u00ed, ale velmi pevn\u00e9 a trvanliv\u00e9. Hedv\u00e1b\u00ed je nesm\u00edrn\u011b p\u0159\u00edjemn\u00e9 na dotek, lehk\u00e9 a p\u0159ed\u010d\u00ed v\u0161echny syntetick\u00e9 materi\u00e1ly z\u00a0polyesteru. Hedv\u00e1b\u00ed n\u011bkdy dok\u00e1\u017ee zastoupit i lehk\u00e1 bavlna, zejm\u00e9na v\u00a0chladn\u011bj\u0161\u00edm a v\u011btrn\u00e9m po\u010das\u00ed.\tPro n\u011bkoho m\u016f\u017ee b\u00fdt p\u0159ekvapen\u00edm, \u017ee se mnoho p\u0159ekr\u00e1sn\u00fdch model\u016f \u0161\u00e1tk\u016f ocit\u00e1 v\u00a0sekond handech. P\u0159i tro\u0161e \u0161t\u011bst\u00ed tam naraz\u00edte na jedine\u010dn\u00fd kus, co ve va\u0161em \u0161atn\u00edku rozhodn\u011b chyb\u011bl, a to doslova za p\u00e1r korun.                                                                                                                                                                                                                                                                                                                                                                                        4.4\/5 - (5 votes)        "},{"@context":"https:\/\/schema.org\/","@type":"BreadcrumbList","itemListElement":[{"@type":"ListItem","position":1,"name":"\u0160\u00e1tek jako od\u011bvn\u00ed dopln\u011bk","item":"https:\/\/www.uniny.cz\/satek-jako-odevni-doplnek\/#breadcrumbitem"}]}]