[{"@context":"https:\/\/schema.org\/","@type":"Article","@id":"https:\/\/www.uniny.cz\/jako-na-bezicim-pase\/#Article","mainEntityOfPage":"https:\/\/www.uniny.cz\/jako-na-bezicim-pase\/","headline":"Jako na b\u011b\u017e\u00edc\u00edm p\u00e1se","name":"Jako na b\u011b\u017e\u00edc\u00edm p\u00e1se","description":"Nikoliv! Mtb tretry maj\u00ed sv\u016fj punc originality! Ka\u017ed\u00fd jednotliv\u00fd p\u00e1r, kter\u00fd vezmete do rukou, ka\u017ed\u00e1 jednotliv\u00e1 bota si pamatuje \u0159emeslnou pr\u00e1ci, pamatuje si toho, kdo&#8230;<div class=\"more-link-wrapper\"><a class=\"more-link\" href=\"https:\/\/www.uniny.cz\/jako-na-bezicim-pase\/\">Pokra\u010dovat ve \u010dten\u00ed<span class=\"screen-reader-text\">Jako na b\u011b\u017e\u00edc\u00edm p\u00e1se<\/span><\/a><\/div>","datePublished":"2023-10-31","dateModified":"2023-10-31","author":{"@type":"Person","@id":"https:\/\/www.uniny.cz\/author\/#Person","name":"uniny.cz\n","url":"https:\/\/www.uniny.cz\/author\/","identifier":1,"image":{"@type":"ImageObject","@id":"https:\/\/secure.gravatar.com\/avatar\/48db5b3634ed7a3f1f89bca90f0a2521b0bb3970d57e3653d258d10b0f31fdf3?s=96&d=mm&r=g","url":"https:\/\/secure.gravatar.com\/avatar\/48db5b3634ed7a3f1f89bca90f0a2521b0bb3970d57e3653d258d10b0f31fdf3?s=96&d=mm&r=g","height":96,"width":96}},"publisher":{"@type":"Organization","name":"uniny.cz","logo":{"@type":"ImageObject","@id":"\/logo.png","url":"\/logo.png","width":600,"height":60}},"url":"https:\/\/www.uniny.cz\/jako-na-bezicim-pase\/","wordCount":246,"articleBody":"Nikoliv! Mtb tretry maj\u00ed sv\u016fj punc originality! Ka\u017ed\u00fd jednotliv\u00fd p\u00e1r, kter\u00fd vezmete do rukou, ka\u017ed\u00e1 jednotliv\u00e1 bota si pamatuje \u0159emeslnou pr\u00e1ci, pamatuje si toho, kdo j\u00ed vdechl \u017eivot! Kdo chce to nejlep\u0161\u00ed, nesm\u00ed se sm\u00ed\u0159it s p\u00e1sovou v\u00fdrobou! \u0160pi\u010dkov\u00e1 technologie n\u00e1m dovoluje, abychom se zaob\u00edrali s ka\u017ed\u00fdm jednotliv\u00fdm p\u00e1rem, kter\u00fd se dostane k na\u0161im z\u00e1kazn\u00edk\u016fm. Ne v\u017edy jsou to cel\u00e9 sportovn\u00ed kluby a skupiny, st\u00e1le \u010dast\u011bji se na\u0161e v\u00fdrobky prosazuj\u00ed i u jednotlivc\u016f! Na ka\u017edou z\u00e1libu je p\u0159eci pot\u0159eba po\u0159\u00eddit vybaven\u00ed.  A pro\u010d by tedy nem\u011blo b\u00fdt na t\u00e9 nejvy\u0161\u0161\u00ed \u00farovni? P\u0159ece nechcete ka\u017edou chv\u00edli m\u00edsto po\u017eitku z provozov\u00e1n\u00ed cyklistiky \u0159e\u0161it nevyhovuj\u00edc\u00ed tretry! U n\u00e1s m\u00e1te jednozna\u010dnou, l\u00e9ty prov\u011b\u0159enou z\u00e1ruku, \u017ee z\u00edsk\u00e1v\u00e1te n\u011bco, co u\u017e nikdy nebudete cht\u00edt zm\u011bnit!A\u017e to p\u0159ijdeA\u017e je budete dr\u017eet v ruk\u00e1ch, zat\u00edm kr\u00e1sn\u00e9, nov\u00e9, nebudete v\u011b\u0159it, \u017ee ta lehkost v\u00e1m m\u016f\u017ee zaru\u010dit ve\u0161ker\u00e9 aspekty, kter\u00e9 jste o\u010dek\u00e1vali. A v\u011b\u0159te, m\u016f\u017ee! V tom je pr\u00e1v\u011b s\u00edla kvalitn\u00edho v\u00fdrobku, v tom je pr\u00e1v\u011b ta jeho moc, \u017ee v\u00e1s p\u0159\u00edjemn\u011b p\u0159ekvap\u00ed u\u017e p\u0159i prvn\u00edm nazut\u00ed!                                                                                                                                                                                                                                                                                                                                                                                        5\/5 - (6 votes)        "},{"@context":"https:\/\/schema.org\/","@type":"BreadcrumbList","itemListElement":[{"@type":"ListItem","position":1,"name":"Jako na b\u011b\u017e\u00edc\u00edm p\u00e1se","item":"https:\/\/www.uniny.cz\/jako-na-bezicim-pase\/#breadcrumbitem"}]}]